{"id":3112,"date":"2025-09-12T23:55:04","date_gmt":"2025-09-13T05:55:04","guid":{"rendered":"https:\/\/tecsify.com\/blog\/?p=3112"},"modified":"2026-01-17T01:28:20","modified_gmt":"2026-01-17T07:28:20","slug":"dia-programador","status":"publish","type":"post","link":"https:\/\/tecsify.com\/blog\/dia-programador\/","title":{"rendered":"D\u00eda del Programador: el secreto detr\u00e1s del n\u00famero 256"},"content":{"rendered":"\n<p>La idea de dedicar un d\u00eda a los programadores fue propuesta por Valentin Balt y reconocida oficialmente en 2009. Desde entonces, cada <strong>13 de septiembre<\/strong> \u2014o el 12 en a\u00f1os bisiestos\u2014 el mundo celebra el D\u00eda Internacional del Programador. La elecci\u00f3n no es casual: coincide con el d\u00eda n\u00famero <strong>256 del calendario<\/strong>, un n\u00famero con un significado especial en la historia de la inform\u00e1tica.<\/p>\n\n\n\n<p>Esta fecha rinde homenaje a quienes, con l\u00f3gica y creatividad, dan vida al software que mueve nuestra vida diaria. Son los responsables de que existan las aplicaciones m\u00f3viles, las redes sociales, los sistemas operativos y, en los \u00faltimos a\u00f1os, de que la inteligencia artificial se convierta en parte de nuestra rutina. Su trabajo sostiene la infraestructura digital sobre la que se construye el futuro.<\/p>\n\n\n\n<figure class=\"wp-block-image\"><img fetchpriority=\"high\" decoding=\"async\" width=\"996\" height=\"747\" src=\"https:\/\/tecsify.com\/blog\/wp-content\/uploads\/2025\/09\/image-11.png\" alt=\"Esta imagen tiene un atributo ALT vac\u00edo; su nombre de archivo es image-11.png\" class=\"wp-image-3117\" srcset=\"https:\/\/tecsify.com\/blog\/wp-content\/uploads\/2025\/09\/image-11.png 996w, https:\/\/tecsify.com\/blog\/wp-content\/uploads\/2025\/09\/image-11-300x225.png 300w, https:\/\/tecsify.com\/blog\/wp-content\/uploads\/2025\/09\/image-11-768x576.png 768w, https:\/\/tecsify.com\/blog\/wp-content\/uploads\/2025\/09\/image-11-280x210.png 280w, https:\/\/tecsify.com\/blog\/wp-content\/uploads\/2025\/09\/image-11-560x420.png 560w, https:\/\/tecsify.com\/blog\/wp-content\/uploads\/2025\/09\/image-11-450x338.png 450w, https:\/\/tecsify.com\/blog\/wp-content\/uploads\/2025\/09\/image-11-780x585.png 780w\" sizes=\"(max-width: 996px) 100vw, 996px\" \/><\/figure>\n\n\n\n<p>En China, el d\u00eda del programador es el 24 de octubre, que se ha establecido durante muchos a\u00f1os. Se eligi\u00f3 la fecha porque tambi\u00e9n se puede escribir como 1024, que es igual a 2\u00b9\u2070. Tambi\u00e9n es consistente independientemente de los a\u00f1os bisiestos.<\/p>\n\n\n\n<p><strong>Tambi\u00e9n puede interesarte: <a href=\"https:\/\/tecsify.com\/blog\/tecsify-onu-huawei-ia-latinoamerica\/\">Tecsify firma alianza con la ONU y Huawei para desarrollar Inteligencia Artificial en Latinoam\u00e9rica<\/a>\u00a0<\/strong><\/p>\n\n\n\n<h2 class=\"wp-block-heading\">\u00bfPor qu\u00e9 se celebra el D\u00eda del Programador en el d\u00eda 256 del a\u00f1o?<\/h2>\n\n\n\n<p><a href=\"https:\/\/es.wikipedia.org\/wiki\/D%C3%ADa_de_los_Programadores\">La celebraci\u00f3n del D\u00eda del Programador<\/a> naci\u00f3 en 2002, cuando <strong>Valentin Balt<\/strong>, un joven desarrollador ruso de la empresa Parallel Technologies, propuso al Ministerio de Comunicaciones de su pa\u00eds dedicar un d\u00eda especial a la profesi\u00f3n. Eligi\u00f3 el <strong>d\u00eda n\u00famero 256 del calendario<\/strong> porque, en programaci\u00f3n, 256 tiene un valor \u00fanico: es la cantidad m\u00e1xima de combinaciones que se pueden representar con un byte (8 bits) y la mayor potencia de 2 que cabe en un a\u00f1o de 365 d\u00edas.<\/p>\n\n\n\n<p>La idea de celebrar el <strong>D\u00eda del Programador<\/strong> surgi\u00f3 en 2002, cuando <strong>Valentin Balt<\/strong>, un joven ruso que trabajaba para la compa\u00f1\u00eda de dise\u00f1o web <strong>Parallel Technologies<\/strong>, propuso la fecha al Ministerio de Comunicaciones de su pa\u00eds. Balt eligi\u00f3 el <strong>12 de septiembre<\/strong> porque el n\u00famero <strong>256<\/strong> es significativo en el mundo de la programaci\u00f3n: es la cantidad m\u00e1xima de valores que se pueden representar con <strong>8 bits<\/strong> y la mayor potencia de <strong>2<\/strong> que puede expresarse dentro de un a\u00f1o de <strong>365 d\u00edas<\/strong>.<\/p>\n\n\n\n<figure class=\"wp-block-image size-full\"><img decoding=\"async\" width=\"992\" height=\"661\" src=\"https:\/\/tecsify.com\/blog\/wp-content\/uploads\/2024\/09\/image-12.png\" alt=\"\" class=\"wp-image-3113\" srcset=\"https:\/\/tecsify.com\/blog\/wp-content\/uploads\/2024\/09\/image-12.png 992w, https:\/\/tecsify.com\/blog\/wp-content\/uploads\/2024\/09\/image-12-300x200.png 300w, https:\/\/tecsify.com\/blog\/wp-content\/uploads\/2024\/09\/image-12-768x512.png 768w, https:\/\/tecsify.com\/blog\/wp-content\/uploads\/2024\/09\/image-12-450x300.png 450w, https:\/\/tecsify.com\/blog\/wp-content\/uploads\/2024\/09\/image-12-780x520.png 780w\" sizes=\"(max-width: 992px) 100vw, 992px\" \/><figcaption class=\"wp-element-caption\">Desde el 2009, la celebraci\u00f3n se ha extendido al resto del mundo, consolid\u00e1ndose como una jornada para reconocer el trabajo silencioso pero vital de los programadores en el mundo.<\/figcaption><\/figure>\n\n\n\n<p>A\u00f1os despu\u00e9s, el <strong>11 de septiembre de 2009<\/strong>, el presidente ruso Dmitri Medv\u00e9dev firm\u00f3 el decreto que oficializ\u00f3 esta conmemoraci\u00f3n. Desde entonces, la fecha se ha extendido a distintos rincones del mundo, como un homenaje a quienes, con su c\u00f3digo, construyen la tecnolog\u00eda que sostiene nuestra vida cotidiana.<\/p>\n\n\n\n<p>Desde <strong>Tecsify<\/strong>, te deseamos un \u00a1feliz d\u00eda del programador! que nunca pierdas la pasi\u00f3n por programar y resolver problemas. \ud83d\ude4c, recuerda que por tus venas corre el c\u00f3digo fuente capaz de cambiar al mundo\u2026<\/p>\n\n\n\n<figure class=\"wp-block-image size-large\"><img decoding=\"async\" width=\"1024\" height=\"1024\" src=\"https:\/\/tecsify.com\/blog\/wp-content\/uploads\/2024\/09\/Group-1-1024x1024.jpg\" alt=\"Dia del Programador 2025 por Tecsify\" class=\"wp-image-3115\" srcset=\"https:\/\/tecsify.com\/blog\/wp-content\/uploads\/2024\/09\/Group-1-1024x1024.jpg 1024w, https:\/\/tecsify.com\/blog\/wp-content\/uploads\/2024\/09\/Group-1-300x300.jpg 300w, https:\/\/tecsify.com\/blog\/wp-content\/uploads\/2024\/09\/Group-1-150x150.jpg 150w, https:\/\/tecsify.com\/blog\/wp-content\/uploads\/2024\/09\/Group-1-768x768.jpg 768w, https:\/\/tecsify.com\/blog\/wp-content\/uploads\/2024\/09\/Group-1-1536x1536.jpg 1536w, https:\/\/tecsify.com\/blog\/wp-content\/uploads\/2024\/09\/Group-1-450x450.jpg 450w, https:\/\/tecsify.com\/blog\/wp-content\/uploads\/2024\/09\/Group-1-780x780.jpg 780w, https:\/\/tecsify.com\/blog\/wp-content\/uploads\/2024\/09\/Group-1-1600x1600.jpg 1600w, https:\/\/tecsify.com\/blog\/wp-content\/uploads\/2024\/09\/Group-1.jpg 1650w\" sizes=\"(max-width: 1024px) 100vw, 1024px\" \/><figcaption class=\"wp-element-caption\">Dia del Programador 2025 por Tecsify<\/figcaption><\/figure>\n","protected":false},"excerpt":{"rendered":"<p>La idea de dedicar un d\u00eda a los programadores fue propuesta por Valentin Balt y reconocida oficialmente en 2009. Desde entonces, cada 13 de septiembre \u2014o el 12 en a\u00f1os bisiestos\u2014 el mundo celebra el D\u00eda Internacional del Programador. La elecci\u00f3n no es casual: coincide con el d\u00eda n\u00famero 256 del calendario, un n\u00famero con [&hellip;]<\/p>\n","protected":false},"author":3,"featured_media":3116,"comment_status":"open","ping_status":"open","sticky":false,"template":"","format":"standard","meta":{"_acf_changed":false,"footnotes":""},"categories":[26,25,3,2],"tags":[144,8,29],"class_list":{"0":"post-3112","1":"post","2":"type-post","3":"status-publish","4":"format-standard","5":"has-post-thumbnail","7":"category-comunidades","8":"category-internet","9":"category-programacion","10":"category-tech","11":"tag-dia-del-programador","12":"tag-programacion","13":"tag-tecsify"},"acf":[],"yoast_head":"<!-- This site is optimized with the Yoast SEO plugin v27.3 - https:\/\/yoast.com\/product\/yoast-seo-wordpress\/ -->\n<title>D\u00eda del Programador: el secreto detr\u00e1s del n\u00famero 256 | Tecsify Blog<\/title>\n<meta name=\"description\" content=\"Este 13 de septiembre marca una fecha significativa para los programadores y todos aquellos involucrados en el desarrollo de software.\" \/>\n<meta name=\"robots\" content=\"index, follow, max-snippet:-1, max-image-preview:large, max-video-preview:-1\" \/>\n<link rel=\"canonical\" href=\"https:\/\/tecsify.com\/blog\/dia-programador\/\" \/>\n<meta property=\"og:locale\" content=\"es_ES\" \/>\n<meta property=\"og:type\" content=\"article\" \/>\n<meta property=\"og:title\" content=\"D\u00eda del Programador: el secreto detr\u00e1s del n\u00famero 256 | Tecsify Blog\" \/>\n<meta property=\"og:description\" content=\"Este 13 de septiembre marca una fecha significativa para los programadores y todos aquellos involucrados en el desarrollo de software.\" \/>\n<meta property=\"og:url\" content=\"https:\/\/tecsify.com\/blog\/dia-programador\/\" \/>\n<meta property=\"og:site_name\" content=\"Tecsify Blog\" \/>\n<meta property=\"article:publisher\" content=\"https:\/\/www.facebook.com\/Tecsify\" \/>\n<meta property=\"article:author\" content=\"facebook.com\/tecsify\/\" \/>\n<meta property=\"article:published_time\" content=\"2025-09-13T05:55:04+00:00\" \/>\n<meta property=\"article:modified_time\" content=\"2026-01-17T07:28:20+00:00\" \/>\n<meta property=\"og:image\" content=\"https:\/\/tecsify.com\/blog\/wp-content\/uploads\/2025\/09\/plantideblogs-12.jpg\" \/>\n\t<meta property=\"og:image:width\" content=\"773\" \/>\n\t<meta property=\"og:image:height\" content=\"522\" \/>\n\t<meta property=\"og:image:type\" content=\"image\/jpeg\" \/>\n<meta name=\"author\" content=\"Redacci\u00f3n Tecsify\" \/>\n<meta name=\"twitter:card\" content=\"summary_large_image\" \/>\n<meta name=\"twitter:creator\" content=\"@tecsify\" \/>\n<meta name=\"twitter:site\" content=\"@tecsify\" \/>\n<meta name=\"twitter:label1\" content=\"Written by\" \/>\n\t<meta name=\"twitter:data1\" content=\"Redacci\u00f3n Tecsify\" \/>\n\t<meta name=\"twitter:label2\" content=\"Est. reading time\" \/>\n\t<meta name=\"twitter:data2\" content=\"4 minutos\" \/>\n<script type=\"application\/ld+json\" class=\"yoast-schema-graph\">{\"@context\":\"https:\\\/\\\/schema.org\",\"@graph\":[{\"@type\":\"Article\",\"@id\":\"https:\\\/\\\/tecsify.com\\\/blog\\\/dia-programador\\\/#article\",\"isPartOf\":{\"@id\":\"https:\\\/\\\/tecsify.com\\\/blog\\\/dia-programador\\\/\"},\"author\":{\"name\":\"Redacci\u00f3n Tecsify\",\"@id\":\"https:\\\/\\\/tecsify.com\\\/blog\\\/#\\\/schema\\\/person\\\/4488c2e95d0b957be1ca286641e69888\"},\"headline\":\"D\u00eda del Programador: el secreto detr\u00e1s del n\u00famero 256\",\"datePublished\":\"2025-09-13T05:55:04+00:00\",\"dateModified\":\"2026-01-17T07:28:20+00:00\",\"mainEntityOfPage\":{\"@id\":\"https:\\\/\\\/tecsify.com\\\/blog\\\/dia-programador\\\/\"},\"wordCount\":520,\"commentCount\":0,\"publisher\":{\"@id\":\"https:\\\/\\\/tecsify.com\\\/blog\\\/#organization\"},\"image\":{\"@id\":\"https:\\\/\\\/tecsify.com\\\/blog\\\/dia-programador\\\/#primaryimage\"},\"thumbnailUrl\":\"https:\\\/\\\/tecsify.com\\\/blog\\\/wp-content\\\/uploads\\\/2025\\\/09\\\/plantideblogs-12.jpg\",\"keywords\":[\"d\u00eda del programador\",\"Programacion\",\"Tecsify\"],\"articleSection\":[\"Comunidades &amp; Internet\",\"Internet\",\"Programaci\u00f3n y Desarrollo de Software\",\"Tecnolog\u00eda e innovaci\u00f3n\"],\"inLanguage\":\"es\",\"potentialAction\":[{\"@type\":\"CommentAction\",\"name\":\"Comment\",\"target\":[\"https:\\\/\\\/tecsify.com\\\/blog\\\/dia-programador\\\/#respond\"]}]},{\"@type\":\"WebPage\",\"@id\":\"https:\\\/\\\/tecsify.com\\\/blog\\\/dia-programador\\\/\",\"url\":\"https:\\\/\\\/tecsify.com\\\/blog\\\/dia-programador\\\/\",\"name\":\"D\u00eda del Programador: el secreto detr\u00e1s del n\u00famero 256 | Tecsify Blog\",\"isPartOf\":{\"@id\":\"https:\\\/\\\/tecsify.com\\\/blog\\\/#website\"},\"primaryImageOfPage\":{\"@id\":\"https:\\\/\\\/tecsify.com\\\/blog\\\/dia-programador\\\/#primaryimage\"},\"image\":{\"@id\":\"https:\\\/\\\/tecsify.com\\\/blog\\\/dia-programador\\\/#primaryimage\"},\"thumbnailUrl\":\"https:\\\/\\\/tecsify.com\\\/blog\\\/wp-content\\\/uploads\\\/2025\\\/09\\\/plantideblogs-12.jpg\",\"datePublished\":\"2025-09-13T05:55:04+00:00\",\"dateModified\":\"2026-01-17T07:28:20+00:00\",\"description\":\"Este 13 de septiembre marca una fecha significativa para los programadores y todos aquellos involucrados en el desarrollo de software.\",\"breadcrumb\":{\"@id\":\"https:\\\/\\\/tecsify.com\\\/blog\\\/dia-programador\\\/#breadcrumb\"},\"inLanguage\":\"es\",\"potentialAction\":[{\"@type\":\"ReadAction\",\"target\":[\"https:\\\/\\\/tecsify.com\\\/blog\\\/dia-programador\\\/\"]}]},{\"@type\":\"ImageObject\",\"inLanguage\":\"es\",\"@id\":\"https:\\\/\\\/tecsify.com\\\/blog\\\/dia-programador\\\/#primaryimage\",\"url\":\"https:\\\/\\\/tecsify.com\\\/blog\\\/wp-content\\\/uploads\\\/2025\\\/09\\\/plantideblogs-12.jpg\",\"contentUrl\":\"https:\\\/\\\/tecsify.com\\\/blog\\\/wp-content\\\/uploads\\\/2025\\\/09\\\/plantideblogs-12.jpg\",\"width\":773,\"height\":522,\"caption\":\"D\u00eda del Programador 2025\"},{\"@type\":\"BreadcrumbList\",\"@id\":\"https:\\\/\\\/tecsify.com\\\/blog\\\/dia-programador\\\/#breadcrumb\",\"itemListElement\":[{\"@type\":\"ListItem\",\"position\":1,\"name\":\"Inicio\",\"item\":\"https:\\\/\\\/tecsify.com\\\/blog\\\/\"},{\"@type\":\"ListItem\",\"position\":2,\"name\":\"D\u00eda del Programador: el secreto detr\u00e1s del n\u00famero 256\"}]},{\"@type\":\"WebSite\",\"@id\":\"https:\\\/\\\/tecsify.com\\\/blog\\\/#website\",\"url\":\"https:\\\/\\\/tecsify.com\\\/blog\\\/\",\"name\":\"Tecsify Blog\",\"description\":\"Tecnolog\u00eda, IA y Desarrollo de Software\",\"publisher\":{\"@id\":\"https:\\\/\\\/tecsify.com\\\/blog\\\/#organization\"},\"alternateName\":\"Tecsify Blog\",\"potentialAction\":[{\"@type\":\"SearchAction\",\"target\":{\"@type\":\"EntryPoint\",\"urlTemplate\":\"https:\\\/\\\/tecsify.com\\\/blog\\\/?s={search_term_string}\"},\"query-input\":{\"@type\":\"PropertyValueSpecification\",\"valueRequired\":true,\"valueName\":\"search_term_string\"}}],\"inLanguage\":\"es\"},{\"@type\":\"Organization\",\"@id\":\"https:\\\/\\\/tecsify.com\\\/blog\\\/#organization\",\"name\":\"Tecsify\",\"alternateName\":\"Tecsify Blog\",\"url\":\"https:\\\/\\\/tecsify.com\\\/blog\\\/\",\"logo\":{\"@type\":\"ImageObject\",\"inLanguage\":\"es\",\"@id\":\"https:\\\/\\\/tecsify.com\\\/blog\\\/#\\\/schema\\\/logo\\\/image\\\/\",\"url\":\"https:\\\/\\\/tecsify.com\\\/blog\\\/wp-content\\\/uploads\\\/2021\\\/05\\\/bluenew.png\",\"contentUrl\":\"https:\\\/\\\/tecsify.com\\\/blog\\\/wp-content\\\/uploads\\\/2021\\\/05\\\/bluenew.png\",\"width\":830,\"height\":443,\"caption\":\"Tecsify\"},\"image\":{\"@id\":\"https:\\\/\\\/tecsify.com\\\/blog\\\/#\\\/schema\\\/logo\\\/image\\\/\"},\"sameAs\":[\"https:\\\/\\\/www.facebook.com\\\/Tecsify\",\"https:\\\/\\\/x.com\\\/tecsify\",\"https:\\\/\\\/www.instagram.com\\\/tecsify\",\"https:\\\/\\\/www.youtube.com\\\/channel\\\/UCalG-fWPHHWG-XTzhcCn0_A\\\/\",\"https:\\\/\\\/www.linkedin.com\\\/company\\\/tecsify\\\/\"]},{\"@type\":\"Person\",\"@id\":\"https:\\\/\\\/tecsify.com\\\/blog\\\/#\\\/schema\\\/person\\\/4488c2e95d0b957be1ca286641e69888\",\"name\":\"Redacci\u00f3n Tecsify\",\"image\":{\"@type\":\"ImageObject\",\"inLanguage\":\"es\",\"@id\":\"https:\\\/\\\/tecsify.com\\\/blog\\\/wp-content\\\/uploads\\\/2020\\\/12\\\/cropped-cropped-500px-96x96.png\",\"url\":\"https:\\\/\\\/tecsify.com\\\/blog\\\/wp-content\\\/uploads\\\/2020\\\/12\\\/cropped-cropped-500px-96x96.png\",\"contentUrl\":\"https:\\\/\\\/tecsify.com\\\/blog\\\/wp-content\\\/uploads\\\/2020\\\/12\\\/cropped-cropped-500px-96x96.png\",\"caption\":\"Redacci\u00f3n Tecsify\"},\"description\":\"\u00a1Somos el equipo de redacci\u00f3n, investigaci\u00f3n, edici\u00f3n y publicaci\u00f3n de Tecsify! Puedes contactarnos escribiendo a contacto@tecsify.com \u00a1Ser\u00e1 un gusto responderte!\",\"sameAs\":[\"http:\\\/\\\/tecsify.com\",\"facebook.com\\\/tecsify\\\/\",\"instagram.com\\\/tecsify\\\/\",\"https:\\\/\\\/x.com\\\/tecsify\"],\"url\":\"https:\\\/\\\/tecsify.com\\\/blog\\\/author\\\/tecsify\\\/\"}]}<\/script>\n<!-- \/ Yoast SEO plugin. -->","yoast_head_json":{"title":"D\u00eda del Programador: el secreto detr\u00e1s del n\u00famero 256 | Tecsify Blog","description":"Este 13 de septiembre marca una fecha significativa para los programadores y todos aquellos involucrados en el desarrollo de software.","robots":{"index":"index","follow":"follow","max-snippet":"max-snippet:-1","max-image-preview":"max-image-preview:large","max-video-preview":"max-video-preview:-1"},"canonical":"https:\/\/tecsify.com\/blog\/dia-programador\/","og_locale":"es_ES","og_type":"article","og_title":"D\u00eda del Programador: el secreto detr\u00e1s del n\u00famero 256 | Tecsify Blog","og_description":"Este 13 de septiembre marca una fecha significativa para los programadores y todos aquellos involucrados en el desarrollo de software.","og_url":"https:\/\/tecsify.com\/blog\/dia-programador\/","og_site_name":"Tecsify Blog","article_publisher":"https:\/\/www.facebook.com\/Tecsify","article_author":"facebook.com\/tecsify\/","article_published_time":"2025-09-13T05:55:04+00:00","article_modified_time":"2026-01-17T07:28:20+00:00","og_image":[{"width":773,"height":522,"url":"https:\/\/tecsify.com\/blog\/wp-content\/uploads\/2025\/09\/plantideblogs-12.jpg","type":"image\/jpeg"}],"author":"Redacci\u00f3n Tecsify","twitter_card":"summary_large_image","twitter_creator":"@tecsify","twitter_site":"@tecsify","twitter_misc":{"Written by":"Redacci\u00f3n Tecsify","Est. reading time":"4 minutos"},"schema":{"@context":"https:\/\/schema.org","@graph":[{"@type":"Article","@id":"https:\/\/tecsify.com\/blog\/dia-programador\/#article","isPartOf":{"@id":"https:\/\/tecsify.com\/blog\/dia-programador\/"},"author":{"name":"Redacci\u00f3n Tecsify","@id":"https:\/\/tecsify.com\/blog\/#\/schema\/person\/4488c2e95d0b957be1ca286641e69888"},"headline":"D\u00eda del Programador: el secreto detr\u00e1s del n\u00famero 256","datePublished":"2025-09-13T05:55:04+00:00","dateModified":"2026-01-17T07:28:20+00:00","mainEntityOfPage":{"@id":"https:\/\/tecsify.com\/blog\/dia-programador\/"},"wordCount":520,"commentCount":0,"publisher":{"@id":"https:\/\/tecsify.com\/blog\/#organization"},"image":{"@id":"https:\/\/tecsify.com\/blog\/dia-programador\/#primaryimage"},"thumbnailUrl":"https:\/\/tecsify.com\/blog\/wp-content\/uploads\/2025\/09\/plantideblogs-12.jpg","keywords":["d\u00eda del programador","Programacion","Tecsify"],"articleSection":["Comunidades &amp; Internet","Internet","Programaci\u00f3n y Desarrollo de Software","Tecnolog\u00eda e innovaci\u00f3n"],"inLanguage":"es","potentialAction":[{"@type":"CommentAction","name":"Comment","target":["https:\/\/tecsify.com\/blog\/dia-programador\/#respond"]}]},{"@type":"WebPage","@id":"https:\/\/tecsify.com\/blog\/dia-programador\/","url":"https:\/\/tecsify.com\/blog\/dia-programador\/","name":"D\u00eda del Programador: el secreto detr\u00e1s del n\u00famero 256 | Tecsify Blog","isPartOf":{"@id":"https:\/\/tecsify.com\/blog\/#website"},"primaryImageOfPage":{"@id":"https:\/\/tecsify.com\/blog\/dia-programador\/#primaryimage"},"image":{"@id":"https:\/\/tecsify.com\/blog\/dia-programador\/#primaryimage"},"thumbnailUrl":"https:\/\/tecsify.com\/blog\/wp-content\/uploads\/2025\/09\/plantideblogs-12.jpg","datePublished":"2025-09-13T05:55:04+00:00","dateModified":"2026-01-17T07:28:20+00:00","description":"Este 13 de septiembre marca una fecha significativa para los programadores y todos aquellos involucrados en el desarrollo de software.","breadcrumb":{"@id":"https:\/\/tecsify.com\/blog\/dia-programador\/#breadcrumb"},"inLanguage":"es","potentialAction":[{"@type":"ReadAction","target":["https:\/\/tecsify.com\/blog\/dia-programador\/"]}]},{"@type":"ImageObject","inLanguage":"es","@id":"https:\/\/tecsify.com\/blog\/dia-programador\/#primaryimage","url":"https:\/\/tecsify.com\/blog\/wp-content\/uploads\/2025\/09\/plantideblogs-12.jpg","contentUrl":"https:\/\/tecsify.com\/blog\/wp-content\/uploads\/2025\/09\/plantideblogs-12.jpg","width":773,"height":522,"caption":"D\u00eda del Programador 2025"},{"@type":"BreadcrumbList","@id":"https:\/\/tecsify.com\/blog\/dia-programador\/#breadcrumb","itemListElement":[{"@type":"ListItem","position":1,"name":"Inicio","item":"https:\/\/tecsify.com\/blog\/"},{"@type":"ListItem","position":2,"name":"D\u00eda del Programador: el secreto detr\u00e1s del n\u00famero 256"}]},{"@type":"WebSite","@id":"https:\/\/tecsify.com\/blog\/#website","url":"https:\/\/tecsify.com\/blog\/","name":"Tecsify Blog","description":"Tecnolog\u00eda, IA y Desarrollo de Software","publisher":{"@id":"https:\/\/tecsify.com\/blog\/#organization"},"alternateName":"Tecsify Blog","potentialAction":[{"@type":"SearchAction","target":{"@type":"EntryPoint","urlTemplate":"https:\/\/tecsify.com\/blog\/?s={search_term_string}"},"query-input":{"@type":"PropertyValueSpecification","valueRequired":true,"valueName":"search_term_string"}}],"inLanguage":"es"},{"@type":"Organization","@id":"https:\/\/tecsify.com\/blog\/#organization","name":"Tecsify","alternateName":"Tecsify Blog","url":"https:\/\/tecsify.com\/blog\/","logo":{"@type":"ImageObject","inLanguage":"es","@id":"https:\/\/tecsify.com\/blog\/#\/schema\/logo\/image\/","url":"https:\/\/tecsify.com\/blog\/wp-content\/uploads\/2021\/05\/bluenew.png","contentUrl":"https:\/\/tecsify.com\/blog\/wp-content\/uploads\/2021\/05\/bluenew.png","width":830,"height":443,"caption":"Tecsify"},"image":{"@id":"https:\/\/tecsify.com\/blog\/#\/schema\/logo\/image\/"},"sameAs":["https:\/\/www.facebook.com\/Tecsify","https:\/\/x.com\/tecsify","https:\/\/www.instagram.com\/tecsify","https:\/\/www.youtube.com\/channel\/UCalG-fWPHHWG-XTzhcCn0_A\/","https:\/\/www.linkedin.com\/company\/tecsify\/"]},{"@type":"Person","@id":"https:\/\/tecsify.com\/blog\/#\/schema\/person\/4488c2e95d0b957be1ca286641e69888","name":"Redacci\u00f3n Tecsify","image":{"@type":"ImageObject","inLanguage":"es","@id":"https:\/\/tecsify.com\/blog\/wp-content\/uploads\/2020\/12\/cropped-cropped-500px-96x96.png","url":"https:\/\/tecsify.com\/blog\/wp-content\/uploads\/2020\/12\/cropped-cropped-500px-96x96.png","contentUrl":"https:\/\/tecsify.com\/blog\/wp-content\/uploads\/2020\/12\/cropped-cropped-500px-96x96.png","caption":"Redacci\u00f3n Tecsify"},"description":"\u00a1Somos el equipo de redacci\u00f3n, investigaci\u00f3n, edici\u00f3n y publicaci\u00f3n de Tecsify! Puedes contactarnos escribiendo a contacto@tecsify.com \u00a1Ser\u00e1 un gusto responderte!","sameAs":["http:\/\/tecsify.com","facebook.com\/tecsify\/","instagram.com\/tecsify\/","https:\/\/x.com\/tecsify"],"url":"https:\/\/tecsify.com\/blog\/author\/tecsify\/"}]}},"_links":{"self":[{"href":"https:\/\/tecsify.com\/blog\/wp-json\/wp\/v2\/posts\/3112","targetHints":{"allow":["GET"]}}],"collection":[{"href":"https:\/\/tecsify.com\/blog\/wp-json\/wp\/v2\/posts"}],"about":[{"href":"https:\/\/tecsify.com\/blog\/wp-json\/wp\/v2\/types\/post"}],"author":[{"embeddable":true,"href":"https:\/\/tecsify.com\/blog\/wp-json\/wp\/v2\/users\/3"}],"replies":[{"embeddable":true,"href":"https:\/\/tecsify.com\/blog\/wp-json\/wp\/v2\/comments?post=3112"}],"version-history":[{"count":1,"href":"https:\/\/tecsify.com\/blog\/wp-json\/wp\/v2\/posts\/3112\/revisions"}],"predecessor-version":[{"id":3118,"href":"https:\/\/tecsify.com\/blog\/wp-json\/wp\/v2\/posts\/3112\/revisions\/3118"}],"wp:featuredmedia":[{"embeddable":true,"href":"https:\/\/tecsify.com\/blog\/wp-json\/wp\/v2\/media\/3116"}],"wp:attachment":[{"href":"https:\/\/tecsify.com\/blog\/wp-json\/wp\/v2\/media?parent=3112"}],"wp:term":[{"taxonomy":"category","embeddable":true,"href":"https:\/\/tecsify.com\/blog\/wp-json\/wp\/v2\/categories?post=3112"},{"taxonomy":"post_tag","embeddable":true,"href":"https:\/\/tecsify.com\/blog\/wp-json\/wp\/v2\/tags?post=3112"}],"curies":[{"name":"wp","href":"https:\/\/api.w.org\/{rel}","templated":true}]}}